{"id":3142,"date":"2024-02-04T10:00:00","date_gmt":"2024-02-04T10:00:00","guid":{"rendered":"https:\/\/www.aauniv.com\/s\/blog\/?p=3142"},"modified":"2024-02-16T17:49:24","modified_gmt":"2024-02-16T17:49:24","slug":"en-que-consiste-la-educacion-especial","status":"publish","type":"post","link":"https:\/\/www.aauniv.com\/s\/blog\/en-que-consiste-la-educacion-especial\/","title":{"rendered":"En qu\u00e9 consiste la educaci\u00f3n especial"},"content":{"rendered":"\n<figure class=\"wp-block-image size-full\"><img loading=\"lazy\" decoding=\"async\" width=\"750\" height=\"427\" src=\"https:\/\/www.aauniv.com\/s\/blog\/wp-content\/uploads\/2022\/11\/que-es-la-educacion-especial.jpg\" alt=\"que-es-la-educacion-especial\" class=\"wp-image-3144\" srcset=\"https:\/\/www.aauniv.com\/s\/blog\/wp-content\/uploads\/2022\/11\/que-es-la-educacion-especial.jpg 750w, https:\/\/www.aauniv.com\/s\/blog\/wp-content\/uploads\/2022\/11\/que-es-la-educacion-especial-300x171.jpg 300w\" sizes=\"(max-width: 750px) 100vw, 750px\" \/><\/figure>\n\n\n\n<p>A lo largo de los a\u00f1os la <strong>educaci\u00f3n<\/strong> ha sido una herramienta clave para el ser humano, permiti\u00e9ndole no solo conseguir un buen empleo en el futuro, sino a poder relacionarse con los dem\u00e1s, desarrollar sus habilidades personales y su identidad como persona.<\/p>\n\n\n\n<p>Pues, la <strong>educaci\u00f3n especial<\/strong> no est\u00e1 tan lejos de esto, ya que esta busca identificar y evaluar los diferentes programas especiales dirigido a aquellos ni\u00f1os con dificultades para aprender; la educaci\u00f3n es para todos, sin excepci\u00f3n, aunque para algunos involucre cambios estructurales a nivel de contenido, para as\u00ed lograr aprender mediante la normalizaci\u00f3n e integraci\u00f3n educativa. Por tal raz\u00f3n, es necesario saber <strong>en qu\u00e9 consiste la educaci\u00f3n especial a continuaci\u00f3n.<\/strong><\/p>\n\n\n\n<div id=\"ez-toc-container\" class=\"ez-toc-v2_0_68_1 counter-hierarchy ez-toc-counter ez-toc-grey ez-toc-container-direction\">\n<p class=\"ez-toc-title\">Table of Contents<\/p>\n<label for=\"ez-toc-cssicon-toggle-item-69f1b1fc9e1ec\" class=\"ez-toc-cssicon-toggle-label\"><span class=\"\"><span class=\"eztoc-hide\" style=\"display:none;\">Toggle<\/span><span class=\"ez-toc-icon-toggle-span\"><svg style=\"fill: #999;color:#999\" xmlns=\"http:\/\/www.w3.org\/2000\/svg\" class=\"list-377408\" width=\"20px\" height=\"20px\" viewBox=\"0 0 24 24\" fill=\"none\"><path d=\"M6 6H4v2h2V6zm14 0H8v2h12V6zM4 11h2v2H4v-2zm16 0H8v2h12v-2zM4 16h2v2H4v-2zm16 0H8v2h12v-2z\" fill=\"currentColor\"><\/path><\/svg><svg style=\"fill: #999;color:#999\" class=\"arrow-unsorted-368013\" xmlns=\"http:\/\/www.w3.org\/2000\/svg\" width=\"10px\" height=\"10px\" viewBox=\"0 0 24 24\" version=\"1.2\" baseProfile=\"tiny\"><path d=\"M18.2 9.3l-6.2-6.3-6.2 6.3c-.2.2-.3.4-.3.7s.1.5.3.7c.2.2.4.3.7.3h11c.3 0 .5-.1.7-.3.2-.2.3-.5.3-.7s-.1-.5-.3-.7zM5.8 14.7l6.2 6.3 6.2-6.3c.2-.2.3-.5.3-.7s-.1-.5-.3-.7c-.2-.2-.4-.3-.7-.3h-11c-.3 0-.5.1-.7.3-.2.2-.3.5-.3.7s.1.5.3.7z\"\/><\/svg><\/span><\/span><\/label><input type=\"checkbox\"  id=\"ez-toc-cssicon-toggle-item-69f1b1fc9e1ec\"  aria-label=\"Toggle\" \/><nav><ul class='ez-toc-list ez-toc-list-level-1 ' ><li class='ez-toc-page-1 ez-toc-heading-level-2'><a class=\"ez-toc-link ez-toc-heading-1\" href=\"https:\/\/www.aauniv.com\/s\/blog\/en-que-consiste-la-educacion-especial\/#Educacion_especial_que_es_y_en_que_consiste\" title=\"Educaci\u00f3n especial: qu\u00e9 es y en qu\u00e9 consiste\">Educaci\u00f3n especial: qu\u00e9 es y en qu\u00e9 consiste<\/a><\/li><li class='ez-toc-page-1 ez-toc-heading-level-2'><a class=\"ez-toc-link ez-toc-heading-2\" href=\"https:\/\/www.aauniv.com\/s\/blog\/en-que-consiste-la-educacion-especial\/#Objetivo_de_la_educacion_especial\" title=\"Objetivo de la educaci\u00f3n especial\">Objetivo de la educaci\u00f3n especial<\/a><\/li><li class='ez-toc-page-1 ez-toc-heading-level-2'><a class=\"ez-toc-link ez-toc-heading-3\" href=\"https:\/\/www.aauniv.com\/s\/blog\/en-que-consiste-la-educacion-especial\/#Importancia_de_la_educacion_especial\" title=\"Importancia de la educaci\u00f3n especial\">Importancia de la educaci\u00f3n especial<\/a><ul class='ez-toc-list-level-3' ><li class='ez-toc-heading-level-3'><a class=\"ez-toc-link ez-toc-heading-4\" href=\"https:\/\/www.aauniv.com\/s\/blog\/en-que-consiste-la-educacion-especial\/#%C2%BFQuienes_son_los_encargados_de_impartir_la_educacion_especial\" title=\"\u00bfQui\u00e9nes son los encargados de impartir la educaci\u00f3n especial?\">\u00bfQui\u00e9nes son los encargados de impartir la educaci\u00f3n especial?<\/a><\/li><\/ul><\/li><\/ul><\/nav><\/div>\n<h2 class=\"wp-block-heading\"><span class=\"ez-toc-section\" id=\"Educacion_especial_que_es_y_en_que_consiste\"><\/span><strong>Educaci\u00f3n especial: qu\u00e9 es y en qu\u00e9 consiste<\/strong><span class=\"ez-toc-section-end\"><\/span><\/h2>\n\n\n\n<p>La <strong>educaci\u00f3n especial<\/strong> es una<strong> <\/strong><strong><em>formaci\u00f3n educativa dirigida espec\u00edficamente a aquellos individuos con discapacidades<\/em><\/strong>, ya sean discapacidades mentales o f\u00edsicas. Este tipo de educaci\u00f3n est\u00e1 destinado a que tal grupo de personas pueda desarrollar sus capacidades y personalidades sin problemas, capacit\u00e1ndoles para una mejor inserci\u00f3n dentro de la sociedad actual.<\/p>\n\n\n\n<p>Este sistema de aprendizaje se basa en un conjunto de conocimientos con bases cient\u00edficas y aplicaciones de intervenciones educativas, que abarcan desde el aspecto psicol\u00f3gicos, hasta el social y m\u00e9dico.<\/p>\n\n\n\n<h2 class=\"wp-block-heading\"><span class=\"ez-toc-section\" id=\"Objetivo_de_la_educacion_especial\"><\/span>Objetivo de la educaci\u00f3n especial<span class=\"ez-toc-section-end\"><\/span><\/h2>\n\n\n\n<p>Esta formaci\u00f3n diferencial busca que las personas con discapacidad, como con problemas auditivos, de lenguaje o de vista, puedan aprender sin dificultad. Tambi\u00e9n <strong>la educaci\u00f3n especial tiene como<\/strong> <strong>objetivo atender a aquellas personas con limitaciones para aprender<\/strong>, que tengan problemas de conducta, emocionales o cualquier tipo de problema de salud en general.<\/p>\n\n\n\n<p>Por otro lado, esta tiene como misi\u00f3n prestar una atenci\u00f3n mucho m\u00e1s especializada y personalizada cuando de ense\u00f1ar se trata, proponiendo diversos m\u00e9todos que logren el desarrollo \u00f3ptimo de las personas con discapacidad.Tambi\u00e9n, la <a href=\"https:\/\/www.aauniv.com\/s\/licenciatura-educacion-especial\/\"><strong>educaci\u00f3n especial<\/strong><\/a> busca generar igualdad en la sociedad, teniendo un fuerte enfoque inclusivo, donde los estudiantes con alguna disfunci\u00f3n jam\u00e1s se sentir\u00e1n excluidos o diferentes a los dem\u00e1s, sino que, al tener el apoyo y la orientaci\u00f3n adecuada, el cual solo este sistema educativo puede brindar, puedan tener una vida normal y desempe\u00f1arse sin problemas en cualquier \u00e1mbito social.<\/p>\n\n\n\n<h2 class=\"wp-block-heading\"><span class=\"ez-toc-section\" id=\"Importancia_de_la_educacion_especial\"><\/span><strong>Importancia de la educaci\u00f3n especial<\/strong><span class=\"ez-toc-section-end\"><\/span><\/h2>\n\n\n\n<p>Conocer el enfoque principal de este sistema pedag\u00f3gico, permitir\u00e1 entender la <strong>importancia de la educaci\u00f3n especial<\/strong> para todas aquellas personas que presentan discapacidades de aprendizaje, una de las principales razones de por qu\u00e9 la <strong>educaci\u00f3n especial<\/strong> es importante es porque es un m\u00e9todo de estudio que se adapta a las necesidades de cada estudiante a trav\u00e9s de la ense\u00f1anza especializada. Sin embargo, presentamos las m\u00e1s notables a continuaci\u00f3n:<\/p>\n\n\n\n<ul>\n<li>Ofrece las mismas oportunidades que aquellos estudiantes sin ning\u00fan tipo de discapacidad poseen.<\/li>\n\n\n\n<li>Ayuda a que los estudiantes tengan m\u00e1s confianza en s\u00ed mismos, sin importar los problemas o dificultades que presenten, estos estar\u00e1n siempre preparados para vencer cualquier obst\u00e1culo en su vida.<\/li>\n\n\n\n<li>Brinda compa\u00f1\u00eda y motivaci\u00f3n constante a los estudiantes con discapacidad, esto brindando a su vez soporte emocional y social.<\/li>\n\n\n\n<li>Proporciona mayores oportunidades a los estudiantes de que puedan conseguir empleo en el futuro, al igual que podr\u00e1n relacionarse mejor con otros.<\/li>\n\n\n\n<li>Implementa estrategias que afianzan una vez m\u00e1s la inclusi\u00f3n, la ense\u00f1anza individual y el apoyo constante al estudiante.<\/li>\n<\/ul>\n\n\n\n<h3 class=\"wp-block-heading\"><span class=\"ez-toc-section\" id=\"%C2%BFQuienes_son_los_encargados_de_impartir_la_educacion_especial\"><\/span><strong>\u00bfQui\u00e9nes son los encargados de impartir la educaci\u00f3n especial?<\/strong><span class=\"ez-toc-section-end\"><\/span><\/h3>\n\n\n\n<p>Sabemos que el objetivo de los profesores es dar clases y acompa\u00f1ar al alumno en su proceso de aprendizaje, pero a diferencia de los profesores en <strong>Educaci\u00f3n Especial<\/strong>, estos tienen que emplear modelos espec\u00edficos y estrategias educativas encaminadas a que sus estudiantes, indistintamente su tipo de discapacidad, puedan aprender con \u00e9xito.<\/p>\n\n\n\n<p>Estos profesionales requieren de estudios espec\u00edficos para brindar tal servicio y hacer su labor, puesto que, no basta con una licenciatura en <a href=\"https:\/\/www.aauniv.com\/s\/licenciatura-en-educacion\/\"><strong>Educaci\u00f3n<\/strong><\/a>, sino que muchas veces estos deben especializarse, ejemplo a trav\u00e9s de una <a href=\"https:\/\/www.aauniv.com\/s\/maestria-educacion-especial\/\"><strong>maestr\u00eda en Educaci\u00f3n Especial<\/strong><\/a>, para poder atender a aquellas personas, particularmente a ni\u00f1os que requieran de una ense\u00f1anza m\u00e1s especializada.<\/p>\n\n\n\n<p>Los profesores en esta \u00e1rea son los encargados de asistir a los ni\u00f1os con discapacidad, \u00bfy c\u00f3mo? Elaborando planes individualizados, adaptando el contenido de las materias para as\u00ed impartirlas correctamente, redactar informes de evaluaci\u00f3n, constatando el avance o adaptaci\u00f3n de sus estudiantes, prestar apoyo personalizado, trabajar en estrecha colaboraci\u00f3n con la familia y m\u00e1s.<\/p>\n\n\n\n<p><\/p>\n\n\n\n<p>Si te gusta la ense\u00f1anza, trabajar con ni\u00f1os y contribuir al desarrollo de las personas con discapacidades, puedes <a href=\"https:\/\/www.aauniv.com\/s\/contactanos\/\"><strong>ESTUDIAR EDUCACI\u00d3N ESPECIAL<\/strong><\/a> online en la <em>American Andragogy University<\/em>, a trav\u00e9s de nuestros programas universitarios podr\u00e1s profundizar m\u00e1s sobre este tema y adquirir competencias t\u00e9cnicas, necesarias para ser un profesor en <strong>Educaci\u00f3n Especial <\/strong>de alto nivel. <em>\u00a1APLICA AHORA!<\/em> Tenemos becas de hasta un 80 % de descuento en todos nuestros programas solo por este mes.<\/p>\n\n\n\n<p><strong>* Ll\u00e1manos al&nbsp;<\/strong><a href=\"https:\/\/api.whatsapp.com\/send?phone=18084646618&amp;text=American%20Andragogy%20University%20-%20Hawaii%20-%20Estados%20Unidos,%20le%20saluda.%20Estaremos%20respondiendo%20lo%20antes%20posible,%20d%C3%A9jenos%20un%20mensaje%20con:%20Nombres%20y%20apellido%20\/%20Programa%20de%20inter%C3%A9s:%20Diplomado%20-%20Licenciatura%20-%20Maestria%20-%20Doctorado%20-%20Posdoctorado%20\/%20%C3%81rea%20de%20estudios%20de%20inter%C3%A9s\">+1 808 4646618<\/a><\/p>\n\n\n\n<p><strong>* Env\u00edanos un correo a&nbsp;<\/strong><a href=\"mailto:admin@aauniv.com\">admin@aauniv.com<\/a><\/p>\n\n\n\n<p><strong>* Visita nuestro sitio web en&nbsp;<\/strong><a href=\"https:\/\/www.aauniv.com\/s\/\">https:\/\/www.aauniv.com\/s\/<\/a><\/p>\n","protected":false},"excerpt":{"rendered":"<p>A lo largo de los a\u00f1os la educaci\u00f3n ha sido una herramienta clave para el ser humano, permiti\u00e9ndole no solo conseguir un buen empleo en el futuro, sino a poder relacionarse con los dem\u00e1s,&#46;&#46;&#46;<\/p>\n","protected":false},"author":2,"featured_media":3144,"comment_status":"open","ping_status":"open","sticky":false,"template":"","format":"standard","meta":{"footnotes":"","_joinchat":[]},"categories":[6],"tags":[531,1413],"yoast_head":"<!-- This site is optimized with the Yoast SEO plugin v23.1 - https:\/\/yoast.com\/wordpress\/plugins\/seo\/ -->\n<title>En qu\u00e9 consiste la educaci\u00f3n especial | AAU |\u00a0Universidad a Distancia<\/title>\n<meta name=\"description\" content=\"A lo largo de los a\u00f1os la educaci\u00f3n ha sido una herramienta clave para el ser humano, permiti\u00e9ndole no solo conseguir un buen empleo en el futuro, sino a\" \/>\n<meta name=\"robots\" content=\"index, follow, max-snippet:-1, max-image-preview:large, max-video-preview:-1\" \/>\n<link rel=\"canonical\" href=\"https:\/\/www.aauniv.com\/s\/blog\/en-que-consiste-la-educacion-especial\/\" \/>\n<meta property=\"og:locale\" content=\"es_ES\" \/>\n<meta property=\"og:type\" content=\"article\" \/>\n<meta property=\"og:title\" content=\"En qu\u00e9 consiste la educaci\u00f3n especial | AAU |\u00a0Universidad a Distancia\" \/>\n<meta property=\"og:description\" content=\"A lo largo de los a\u00f1os la educaci\u00f3n ha sido una herramienta clave para el ser humano, permiti\u00e9ndole no solo conseguir un buen empleo en el futuro, sino a\" \/>\n<meta property=\"og:url\" content=\"https:\/\/www.aauniv.com\/s\/blog\/en-que-consiste-la-educacion-especial\/\" \/>\n<meta property=\"og:site_name\" content=\"AAU |\u00a0Universidad a Distancia\" \/>\n<meta property=\"article:published_time\" content=\"2024-02-04T10:00:00+00:00\" \/>\n<meta property=\"article:modified_time\" content=\"2024-02-16T17:49:24+00:00\" \/>\n<meta property=\"og:image\" content=\"https:\/\/www.aauniv.com\/s\/blog\/wp-content\/uploads\/2022\/11\/que-es-la-educacion-especial.jpg\" \/>\n\t<meta property=\"og:image:width\" content=\"750\" \/>\n\t<meta property=\"og:image:height\" content=\"427\" \/>\n\t<meta property=\"og:image:type\" content=\"image\/jpeg\" \/>\n<meta name=\"author\" content=\"AAU\" \/>\n<meta name=\"twitter:card\" content=\"summary_large_image\" \/>\n<meta name=\"twitter:label1\" content=\"Escrito por\" \/>\n\t<meta name=\"twitter:data1\" content=\"AAU\" \/>\n\t<meta name=\"twitter:label2\" content=\"Tiempo de lectura\" \/>\n\t<meta name=\"twitter:data2\" content=\"5 minutos\" \/>\n<script type=\"application\/ld+json\" class=\"yoast-schema-graph\">{\"@context\":\"https:\/\/schema.org\",\"@graph\":[{\"@type\":\"Article\",\"@id\":\"https:\/\/www.aauniv.com\/s\/blog\/en-que-consiste-la-educacion-especial\/#article\",\"isPartOf\":{\"@id\":\"https:\/\/www.aauniv.com\/s\/blog\/en-que-consiste-la-educacion-especial\/\"},\"author\":{\"name\":\"AAU\",\"@id\":\"https:\/\/www.aauniv.com\/s\/blog\/#\/schema\/person\/525907cfb6c6b93f4cda5c6e97e5a7e0\"},\"headline\":\"En qu\u00e9 consiste la educaci\u00f3n especial\",\"datePublished\":\"2024-02-04T10:00:00+00:00\",\"dateModified\":\"2024-02-16T17:49:24+00:00\",\"mainEntityOfPage\":{\"@id\":\"https:\/\/www.aauniv.com\/s\/blog\/en-que-consiste-la-educacion-especial\/\"},\"wordCount\":885,\"commentCount\":0,\"publisher\":{\"@id\":\"https:\/\/www.aauniv.com\/s\/blog\/#organization\"},\"image\":{\"@id\":\"https:\/\/www.aauniv.com\/s\/blog\/en-que-consiste-la-educacion-especial\/#primaryimage\"},\"thumbnailUrl\":\"https:\/\/www.aauniv.com\/s\/blog\/wp-content\/uploads\/2022\/11\/que-es-la-educacion-especial.jpg\",\"keywords\":[\"educacion especial\",\"que es la educacion especial\"],\"articleSection\":[\"Novedades\"],\"inLanguage\":\"es\",\"potentialAction\":[{\"@type\":\"CommentAction\",\"name\":\"Comment\",\"target\":[\"https:\/\/www.aauniv.com\/s\/blog\/en-que-consiste-la-educacion-especial\/#respond\"]}]},{\"@type\":\"WebPage\",\"@id\":\"https:\/\/www.aauniv.com\/s\/blog\/en-que-consiste-la-educacion-especial\/\",\"url\":\"https:\/\/www.aauniv.com\/s\/blog\/en-que-consiste-la-educacion-especial\/\",\"name\":\"En qu\u00e9 consiste la educaci\u00f3n especial | AAU |\u00a0Universidad a Distancia\",\"isPartOf\":{\"@id\":\"https:\/\/www.aauniv.com\/s\/blog\/#website\"},\"primaryImageOfPage\":{\"@id\":\"https:\/\/www.aauniv.com\/s\/blog\/en-que-consiste-la-educacion-especial\/#primaryimage\"},\"image\":{\"@id\":\"https:\/\/www.aauniv.com\/s\/blog\/en-que-consiste-la-educacion-especial\/#primaryimage\"},\"thumbnailUrl\":\"https:\/\/www.aauniv.com\/s\/blog\/wp-content\/uploads\/2022\/11\/que-es-la-educacion-especial.jpg\",\"datePublished\":\"2024-02-04T10:00:00+00:00\",\"dateModified\":\"2024-02-16T17:49:24+00:00\",\"description\":\"A lo largo de los a\u00f1os la educaci\u00f3n ha sido una herramienta clave para el ser humano, permiti\u00e9ndole no solo conseguir un buen empleo en el futuro, sino a\",\"breadcrumb\":{\"@id\":\"https:\/\/www.aauniv.com\/s\/blog\/en-que-consiste-la-educacion-especial\/#breadcrumb\"},\"inLanguage\":\"es\",\"potentialAction\":[{\"@type\":\"ReadAction\",\"target\":[\"https:\/\/www.aauniv.com\/s\/blog\/en-que-consiste-la-educacion-especial\/\"]}]},{\"@type\":\"ImageObject\",\"inLanguage\":\"es\",\"@id\":\"https:\/\/www.aauniv.com\/s\/blog\/en-que-consiste-la-educacion-especial\/#primaryimage\",\"url\":\"https:\/\/www.aauniv.com\/s\/blog\/wp-content\/uploads\/2022\/11\/que-es-la-educacion-especial.jpg\",\"contentUrl\":\"https:\/\/www.aauniv.com\/s\/blog\/wp-content\/uploads\/2022\/11\/que-es-la-educacion-especial.jpg\",\"width\":750,\"height\":427,\"caption\":\"que-es-la-educacion-especial\"},{\"@type\":\"BreadcrumbList\",\"@id\":\"https:\/\/www.aauniv.com\/s\/blog\/en-que-consiste-la-educacion-especial\/#breadcrumb\",\"itemListElement\":[{\"@type\":\"ListItem\",\"position\":1,\"name\":\"Portada\",\"item\":\"https:\/\/www.aauniv.com\/s\/blog\/\"},{\"@type\":\"ListItem\",\"position\":2,\"name\":\"En qu\u00e9 consiste la educaci\u00f3n especial\"}]},{\"@type\":\"WebSite\",\"@id\":\"https:\/\/www.aauniv.com\/s\/blog\/#website\",\"url\":\"https:\/\/www.aauniv.com\/s\/blog\/\",\"name\":\"AAU |\u00a0Universidad a Distancia\",\"description\":\"\",\"publisher\":{\"@id\":\"https:\/\/www.aauniv.com\/s\/blog\/#organization\"},\"potentialAction\":[{\"@type\":\"SearchAction\",\"target\":{\"@type\":\"EntryPoint\",\"urlTemplate\":\"https:\/\/www.aauniv.com\/s\/blog\/?s={search_term_string}\"},\"query-input\":\"required name=search_term_string\"}],\"inLanguage\":\"es\"},{\"@type\":\"Organization\",\"@id\":\"https:\/\/www.aauniv.com\/s\/blog\/#organization\",\"name\":\"AAU\",\"url\":\"https:\/\/www.aauniv.com\/s\/blog\/\",\"logo\":{\"@type\":\"ImageObject\",\"inLanguage\":\"es\",\"@id\":\"https:\/\/www.aauniv.com\/s\/blog\/#\/schema\/logo\/image\/\",\"url\":\"https:\/\/www.aauniv.com\/s\/blog\/wp-content\/uploads\/2018\/03\/american-andragogy-university-logo-amp.jpg\",\"contentUrl\":\"https:\/\/www.aauniv.com\/s\/blog\/wp-content\/uploads\/2018\/03\/american-andragogy-university-logo-amp.jpg\",\"width\":190,\"height\":36,\"caption\":\"AAU\"},\"image\":{\"@id\":\"https:\/\/www.aauniv.com\/s\/blog\/#\/schema\/logo\/image\/\"}},{\"@type\":\"Person\",\"@id\":\"https:\/\/www.aauniv.com\/s\/blog\/#\/schema\/person\/525907cfb6c6b93f4cda5c6e97e5a7e0\",\"name\":\"AAU\",\"image\":{\"@type\":\"ImageObject\",\"inLanguage\":\"es\",\"@id\":\"https:\/\/www.aauniv.com\/s\/blog\/#\/schema\/person\/image\/\",\"url\":\"https:\/\/www.aauniv.com\/s\/blog\/wp-content\/uploads\/2019\/02\/american-university-aau.png\",\"contentUrl\":\"https:\/\/www.aauniv.com\/s\/blog\/wp-content\/uploads\/2019\/02\/american-university-aau.png\",\"caption\":\"AAU\"},\"sameAs\":[\"https:\/\/www.aauniv.com\/s\/\"],\"url\":\"https:\/\/www.aauniv.com\/s\/blog\/author\/arnoldgutierrez\/\"}]}<\/script>\n<!-- \/ Yoast SEO plugin. -->","yoast_head_json":{"title":"En qu\u00e9 consiste la educaci\u00f3n especial | AAU |\u00a0Universidad a Distancia","description":"A lo largo de los a\u00f1os la educaci\u00f3n ha sido una herramienta clave para el ser humano, permiti\u00e9ndole no solo conseguir un buen empleo en el futuro, sino a","robots":{"index":"index","follow":"follow","max-snippet":"max-snippet:-1","max-image-preview":"max-image-preview:large","max-video-preview":"max-video-preview:-1"},"canonical":"https:\/\/www.aauniv.com\/s\/blog\/en-que-consiste-la-educacion-especial\/","og_locale":"es_ES","og_type":"article","og_title":"En qu\u00e9 consiste la educaci\u00f3n especial | AAU |\u00a0Universidad a Distancia","og_description":"A lo largo de los a\u00f1os la educaci\u00f3n ha sido una herramienta clave para el ser humano, permiti\u00e9ndole no solo conseguir un buen empleo en el futuro, sino a","og_url":"https:\/\/www.aauniv.com\/s\/blog\/en-que-consiste-la-educacion-especial\/","og_site_name":"AAU |\u00a0Universidad a Distancia","article_published_time":"2024-02-04T10:00:00+00:00","article_modified_time":"2024-02-16T17:49:24+00:00","og_image":[{"width":750,"height":427,"url":"https:\/\/www.aauniv.com\/s\/blog\/wp-content\/uploads\/2022\/11\/que-es-la-educacion-especial.jpg","type":"image\/jpeg"}],"author":"AAU","twitter_card":"summary_large_image","twitter_misc":{"Escrito por":"AAU","Tiempo de lectura":"5 minutos"},"schema":{"@context":"https:\/\/schema.org","@graph":[{"@type":"Article","@id":"https:\/\/www.aauniv.com\/s\/blog\/en-que-consiste-la-educacion-especial\/#article","isPartOf":{"@id":"https:\/\/www.aauniv.com\/s\/blog\/en-que-consiste-la-educacion-especial\/"},"author":{"name":"AAU","@id":"https:\/\/www.aauniv.com\/s\/blog\/#\/schema\/person\/525907cfb6c6b93f4cda5c6e97e5a7e0"},"headline":"En qu\u00e9 consiste la educaci\u00f3n especial","datePublished":"2024-02-04T10:00:00+00:00","dateModified":"2024-02-16T17:49:24+00:00","mainEntityOfPage":{"@id":"https:\/\/www.aauniv.com\/s\/blog\/en-que-consiste-la-educacion-especial\/"},"wordCount":885,"commentCount":0,"publisher":{"@id":"https:\/\/www.aauniv.com\/s\/blog\/#organization"},"image":{"@id":"https:\/\/www.aauniv.com\/s\/blog\/en-que-consiste-la-educacion-especial\/#primaryimage"},"thumbnailUrl":"https:\/\/www.aauniv.com\/s\/blog\/wp-content\/uploads\/2022\/11\/que-es-la-educacion-especial.jpg","keywords":["educacion especial","que es la educacion especial"],"articleSection":["Novedades"],"inLanguage":"es","potentialAction":[{"@type":"CommentAction","name":"Comment","target":["https:\/\/www.aauniv.com\/s\/blog\/en-que-consiste-la-educacion-especial\/#respond"]}]},{"@type":"WebPage","@id":"https:\/\/www.aauniv.com\/s\/blog\/en-que-consiste-la-educacion-especial\/","url":"https:\/\/www.aauniv.com\/s\/blog\/en-que-consiste-la-educacion-especial\/","name":"En qu\u00e9 consiste la educaci\u00f3n especial | AAU |\u00a0Universidad a Distancia","isPartOf":{"@id":"https:\/\/www.aauniv.com\/s\/blog\/#website"},"primaryImageOfPage":{"@id":"https:\/\/www.aauniv.com\/s\/blog\/en-que-consiste-la-educacion-especial\/#primaryimage"},"image":{"@id":"https:\/\/www.aauniv.com\/s\/blog\/en-que-consiste-la-educacion-especial\/#primaryimage"},"thumbnailUrl":"https:\/\/www.aauniv.com\/s\/blog\/wp-content\/uploads\/2022\/11\/que-es-la-educacion-especial.jpg","datePublished":"2024-02-04T10:00:00+00:00","dateModified":"2024-02-16T17:49:24+00:00","description":"A lo largo de los a\u00f1os la educaci\u00f3n ha sido una herramienta clave para el ser humano, permiti\u00e9ndole no solo conseguir un buen empleo en el futuro, sino a","breadcrumb":{"@id":"https:\/\/www.aauniv.com\/s\/blog\/en-que-consiste-la-educacion-especial\/#breadcrumb"},"inLanguage":"es","potentialAction":[{"@type":"ReadAction","target":["https:\/\/www.aauniv.com\/s\/blog\/en-que-consiste-la-educacion-especial\/"]}]},{"@type":"ImageObject","inLanguage":"es","@id":"https:\/\/www.aauniv.com\/s\/blog\/en-que-consiste-la-educacion-especial\/#primaryimage","url":"https:\/\/www.aauniv.com\/s\/blog\/wp-content\/uploads\/2022\/11\/que-es-la-educacion-especial.jpg","contentUrl":"https:\/\/www.aauniv.com\/s\/blog\/wp-content\/uploads\/2022\/11\/que-es-la-educacion-especial.jpg","width":750,"height":427,"caption":"que-es-la-educacion-especial"},{"@type":"BreadcrumbList","@id":"https:\/\/www.aauniv.com\/s\/blog\/en-que-consiste-la-educacion-especial\/#breadcrumb","itemListElement":[{"@type":"ListItem","position":1,"name":"Portada","item":"https:\/\/www.aauniv.com\/s\/blog\/"},{"@type":"ListItem","position":2,"name":"En qu\u00e9 consiste la educaci\u00f3n especial"}]},{"@type":"WebSite","@id":"https:\/\/www.aauniv.com\/s\/blog\/#website","url":"https:\/\/www.aauniv.com\/s\/blog\/","name":"AAU |\u00a0Universidad a Distancia","description":"","publisher":{"@id":"https:\/\/www.aauniv.com\/s\/blog\/#organization"},"potentialAction":[{"@type":"SearchAction","target":{"@type":"EntryPoint","urlTemplate":"https:\/\/www.aauniv.com\/s\/blog\/?s={search_term_string}"},"query-input":"required name=search_term_string"}],"inLanguage":"es"},{"@type":"Organization","@id":"https:\/\/www.aauniv.com\/s\/blog\/#organization","name":"AAU","url":"https:\/\/www.aauniv.com\/s\/blog\/","logo":{"@type":"ImageObject","inLanguage":"es","@id":"https:\/\/www.aauniv.com\/s\/blog\/#\/schema\/logo\/image\/","url":"https:\/\/www.aauniv.com\/s\/blog\/wp-content\/uploads\/2018\/03\/american-andragogy-university-logo-amp.jpg","contentUrl":"https:\/\/www.aauniv.com\/s\/blog\/wp-content\/uploads\/2018\/03\/american-andragogy-university-logo-amp.jpg","width":190,"height":36,"caption":"AAU"},"image":{"@id":"https:\/\/www.aauniv.com\/s\/blog\/#\/schema\/logo\/image\/"}},{"@type":"Person","@id":"https:\/\/www.aauniv.com\/s\/blog\/#\/schema\/person\/525907cfb6c6b93f4cda5c6e97e5a7e0","name":"AAU","image":{"@type":"ImageObject","inLanguage":"es","@id":"https:\/\/www.aauniv.com\/s\/blog\/#\/schema\/person\/image\/","url":"https:\/\/www.aauniv.com\/s\/blog\/wp-content\/uploads\/2019\/02\/american-university-aau.png","contentUrl":"https:\/\/www.aauniv.com\/s\/blog\/wp-content\/uploads\/2019\/02\/american-university-aau.png","caption":"AAU"},"sameAs":["https:\/\/www.aauniv.com\/s\/"],"url":"https:\/\/www.aauniv.com\/s\/blog\/author\/arnoldgutierrez\/"}]}},"_links":{"self":[{"href":"https:\/\/www.aauniv.com\/s\/blog\/wp-json\/wp\/v2\/posts\/3142"}],"collection":[{"href":"https:\/\/www.aauniv.com\/s\/blog\/wp-json\/wp\/v2\/posts"}],"about":[{"href":"https:\/\/www.aauniv.com\/s\/blog\/wp-json\/wp\/v2\/types\/post"}],"author":[{"embeddable":true,"href":"https:\/\/www.aauniv.com\/s\/blog\/wp-json\/wp\/v2\/users\/2"}],"replies":[{"embeddable":true,"href":"https:\/\/www.aauniv.com\/s\/blog\/wp-json\/wp\/v2\/comments?post=3142"}],"version-history":[{"count":3,"href":"https:\/\/www.aauniv.com\/s\/blog\/wp-json\/wp\/v2\/posts\/3142\/revisions"}],"predecessor-version":[{"id":4185,"href":"https:\/\/www.aauniv.com\/s\/blog\/wp-json\/wp\/v2\/posts\/3142\/revisions\/4185"}],"wp:featuredmedia":[{"embeddable":true,"href":"https:\/\/www.aauniv.com\/s\/blog\/wp-json\/wp\/v2\/media\/3144"}],"wp:attachment":[{"href":"https:\/\/www.aauniv.com\/s\/blog\/wp-json\/wp\/v2\/media?parent=3142"}],"wp:term":[{"taxonomy":"category","embeddable":true,"href":"https:\/\/www.aauniv.com\/s\/blog\/wp-json\/wp\/v2\/categories?post=3142"},{"taxonomy":"post_tag","embeddable":true,"href":"https:\/\/www.aauniv.com\/s\/blog\/wp-json\/wp\/v2\/tags?post=3142"}],"curies":[{"name":"wp","href":"https:\/\/api.w.org\/{rel}","templated":true}]}}