{"id":2784,"date":"2024-04-01T10:00:00","date_gmt":"2024-04-01T10:00:00","guid":{"rendered":"https:\/\/www.aauniv.com\/s\/blog\/?p=2784"},"modified":"2024-04-01T19:40:05","modified_gmt":"2024-04-01T19:40:05","slug":"comunicacion-asertiva-que-es-y-caracteristicas","status":"publish","type":"post","link":"https:\/\/www.aauniv.com\/s\/blog\/comunicacion-asertiva-que-es-y-caracteristicas\/","title":{"rendered":"Comunicaci\u00f3n asertiva: qu\u00e9 es y caracter\u00edsticas"},"content":{"rendered":"\n<figure class=\"wp-block-image size-large\"><img loading=\"lazy\" decoding=\"async\" width=\"1024\" height=\"640\" src=\"https:\/\/www.aauniv.com\/s\/blog\/wp-content\/uploads\/2022\/08\/comunicacion-asertiva-que-es-1024x640.webp\" alt=\"comunicacion-asertiva-que-es\" class=\"wp-image-2786\" srcset=\"https:\/\/www.aauniv.com\/s\/blog\/wp-content\/uploads\/2022\/08\/comunicacion-asertiva-que-es-1024x640.webp 1024w, https:\/\/www.aauniv.com\/s\/blog\/wp-content\/uploads\/2022\/08\/comunicacion-asertiva-que-es-300x188.webp 300w, https:\/\/www.aauniv.com\/s\/blog\/wp-content\/uploads\/2022\/08\/comunicacion-asertiva-que-es-768x480.webp 768w, https:\/\/www.aauniv.com\/s\/blog\/wp-content\/uploads\/2022\/08\/comunicacion-asertiva-que-es-1536x960.webp 1536w, https:\/\/www.aauniv.com\/s\/blog\/wp-content\/uploads\/2022\/08\/comunicacion-asertiva-que-es.webp 1800w\" sizes=\"(max-width: 1024px) 100vw, 1024px\" \/><\/figure>\n\n\n\n<p>La comunicaci\u00f3n asertiva se define como \u201c<em>La capacidad de hablar e interactuar de una manera que considere y respete los derechos y opiniones de los dem\u00e1s, al mismo tiempo que defiende sus derechos, necesidades y l\u00edmites personales<\/em>.\u201d<\/p>\n\n\n\n<p>La asertividad es una forma eficaz y sin confrontaci\u00f3n de expresar el desacuerdo con una situaci\u00f3n o concepto en particular. <\/p>\n\n\n\n<p>La asertividad puede implicar el rechazo de demandas (\u201c<em>No, no te volver\u00e9 a prestar dinero<\/em>&nbsp;\u201d);&nbsp;comenzar, continuar o concluir una conversaci\u00f3n (\u00bb&nbsp;<em>Me gustar\u00eda hablar con usted sobre mi compensaci\u00f3n<\/em>&nbsp;\u00ab);&nbsp;pedir favores (\u00bb&nbsp;<em>\u00bfMe ayudas a cambiar mi llanta, por favor?<\/em>&nbsp;\u00ab);&nbsp;y sentimientos positivos y negativos (\u201c&nbsp;<em>Me duele cuando me hablas as\u00ed<\/em>&nbsp;\u201d.<\/p>\n\n\n\n<p>En general, mientras que la comunicaci\u00f3n asertiva ocurre en una variedad de formas y situaciones, por lo general involucra el logro de las propias metas sin crear escenas desagradables o poner en peligro&nbsp;las relaciones.<\/p>\n\n\n\n<h2 class=\"wp-block-heading\" id=\"h-9-caracteristicas-de-un-estilo-de-comunicacion-asertivo\">9 Caracter\u00edsticas de un Estilo de Comunicaci\u00f3n Asertivo<\/h2>\n\n\n\n<p>La comunicaci\u00f3n asertiva involucra varias cualidades verbales y no verbales.&nbsp;Aqu\u00ed hay 9 ejemplos:<\/p>\n\n\n\n<ol>\n<li>El contacto visual directo muestra que el hablante es fuerte y no est\u00e1 intimidado.<br><\/li>\n\n\n\n<li>Una postura asertiva o postura con el equilibrio adecuado de fuerza y ??despreocupaci\u00f3n.&nbsp;Por ejemplo, permanecer r\u00edgido puede parecer agresivo;&nbsp;mientras que encorvarse puede percibirse como d\u00e9bil.<br><\/li>\n\n\n\n<li>Tono de voz.&nbsp;Una voz fuerte transmite asertividad, pero alzar la voz muestra agresi\u00f3n y es probable que se encuentre con ira.<br><\/li>\n\n\n\n<li>Expresi\u00f3n facial.&nbsp;Las expresiones que no son ni de enojo ni de ansiedad son esenciales para enviar el mensaje correcto.<br><\/li>\n\n\n\n<li>Momento.&nbsp;La comunicaci\u00f3n asertiva debe ejecutarse en el momento adecuado (p. ej., no es probable que se reciban bien las solicitudes del c\u00f3nyuge en medio de una cena).<br><\/li>\n\n\n\n<li>Lenguaje no amenazante, no culpabilizador.&nbsp;Por ejemplo, lenguaje como \u201c&nbsp;<em>\u00a1Si contin\u00faas haciendo eso, te arrepentir\u00e1s!&nbsp;<\/em>\u201d es m\u00e1s amenazante que asertivo.<br><\/li>\n\n\n\n<li>Claridad.&nbsp;Por ejemplo, \u201c&nbsp;<em>\u00bfPuedes por favor no ser as\u00ed?&nbsp;<\/em>\u201d es vago, mientras que \u201c&nbsp;<em>\u00bfPuedes por favor no alejarte cuando estamos hablando?&nbsp;<\/em>\u201d transmite m\u00e1s claramente las necesidades del hablante.<br><\/li>\n\n\n\n<li>Lenguaje positivo&nbsp;.&nbsp;Por ejemplo, hacer una solicitud negativa (\u00bb&nbsp;<em>\u00bfQuieres dejar de dejar tus papeles por toda la casa?<\/em>&nbsp;\u00ab) es menos efectivo que una solicitud positiva (\u00bb&nbsp;<em>Aqu\u00ed hay un divisor que he instalado. \u00bfPuedes colocar tus papeles aqu\u00ed?<\/em>&nbsp;\u00bb ).<br><\/li>\n\n\n\n<li>Lenguaje sin cr\u00edtica hacia uno mismo o hacia los dem\u00e1s.&nbsp;Por ejemplo, frases como \u201c&nbsp;<em>S\u00e9 que soy demasiado sensible, pero \u00bfpodr\u00edas por favor no usar esa palabra?&nbsp;<\/em>\u201d y \u201c&nbsp;<em>\u00bfNunca nadie te ense\u00f1\u00f3 modales?&nbsp;<\/em>\u201d son m\u00e1s cr\u00edticos que asertivos.<\/li>\n<\/ol>\n\n\n\n<h2 class=\"wp-block-heading\">Ejemplos de la vida real<\/h2>\n\n\n<div class=\"wp-block-image alignright\">\n<figure class=\"\"><img decoding=\"async\" src=\"https:\/\/positive.b-cdn.net\/wp-content\/uploads\/inconsiderate-drivers-300x150.jpg\" alt=\"ejemplos de comunicacion asertiva\" class=\"wp-image-126792\" title=\"Situaciones que requieren una comunicaci\u00f3n asertiva.\"\/><\/figure><\/div>\n\n\n<p>Es f\u00e1cil encontrar muchos ejemplos cotidianos en los que se necesita asertividad, como:<\/p>\n\n\n\n<ul>\n<li>Conductores desconsiderados<\/li>\n\n\n\n<li>Compradores agresivos<\/li>\n\n\n\n<li>abogados telef\u00f3nicos<\/li>\n\n\n\n<li>ni\u00f1os irrespetuosos<\/li>\n\n\n\n<li>Peticiones no deseadas de la familia<\/li>\n\n\n\n<li>Ocurrencias de injusticia social<\/li>\n\n\n\n<li>Personas que se niegan a practicar el distanciamiento social durante una pandemia<\/li>\n<\/ul>\n\n\n\n<h2 class=\"wp-block-heading\">Un mensaje para llevar a casa<\/h2>\n\n\n\n<p>La comunicaci\u00f3n asertiva es esencial para defender los derechos propios y mantener los l\u00edmites.&nbsp;Se asocia con varias cualidades verbales y no verbales y no implica una comunicaci\u00f3n agresiva, que niega los derechos de los dem\u00e1s.<\/p>\n\n\n\n<p>Hay muchas t\u00e9cnicas estructuradas para ense\u00f1ar asertividad, como los programas en la escuela, as\u00ed como formas en que los padres pueden promover el comportamiento asertivo en los ni\u00f1os.&nbsp;<\/p>\n\n\n\n<p><strong>* Ll\u00e1manos al&nbsp;<\/strong><a href=\"https:\/\/api.whatsapp.com\/send?phone=18084646618&amp;text=American%20Andragogy%20University%20-%20Hawaii%20-%20Estados%20Unidos,%20le%20saluda.%20Estaremos%20respondiendo%20lo%20antes%20posible,%20d%C3%A9jenos%20un%20mensaje%20con:%20Nombres%20y%20apellido%20\/%20Programa%20de%20inter%C3%A9s:%20Diplomado%20-%20Licenciatura%20-%20Maestria%20-%20Doctorado%20-%20Posdoctorado%20\/%20%C3%81rea%20de%20estudios%20de%20inter%C3%A9s\">+1 808 4646618<\/a><\/p>\n\n\n\n<p><strong>* Env\u00edanos un correo a&nbsp;<\/strong><a href=\"mailto:admin@aauniv.com\">admin@aauniv.com<\/a><\/p>\n\n\n\n<p><strong>* Visita nuestro sitio web en&nbsp;<\/strong><a href=\"https:\/\/www.aauniv.com\/s\/\">https:\/\/www.aauniv.com\/s\/<\/a><\/p>\n","protected":false},"excerpt":{"rendered":"<p>La comunicaci\u00f3n asertiva se define como \u201cLa capacidad de hablar e interactuar de una manera que considere y respete los derechos y opiniones de los dem\u00e1s, al mismo tiempo que defiende sus derechos, necesidades&#46;&#46;&#46;<\/p>\n","protected":false},"author":2,"featured_media":2786,"comment_status":"open","ping_status":"open","sticky":false,"template":"","format":"standard","meta":{"footnotes":"","_joinchat":[]},"categories":[6],"tags":[1212,1211,1214,1213],"yoast_head":"<!-- This site is optimized with the Yoast SEO plugin v23.1 - https:\/\/yoast.com\/wordpress\/plugins\/seo\/ -->\n<title>Comunicaci\u00f3n asertiva: qu\u00e9 es y caracter\u00edsticas | AAU |\u00a0Universidad a Distancia<\/title>\n<meta name=\"description\" content=\"La comunicaci\u00f3n asertiva se define como \u201cLa capacidad de hablar e interactuar de una manera que considere y respete los derechos y opiniones de los dem\u00e1s,\" \/>\n<meta name=\"robots\" content=\"index, follow, max-snippet:-1, max-image-preview:large, max-video-preview:-1\" \/>\n<link rel=\"canonical\" href=\"https:\/\/www.aauniv.com\/s\/blog\/comunicacion-asertiva-que-es-y-caracteristicas\/\" \/>\n<meta property=\"og:locale\" content=\"es_ES\" \/>\n<meta property=\"og:type\" content=\"article\" \/>\n<meta property=\"og:title\" content=\"Comunicaci\u00f3n asertiva: qu\u00e9 es y caracter\u00edsticas | AAU |\u00a0Universidad a Distancia\" \/>\n<meta property=\"og:description\" content=\"La comunicaci\u00f3n asertiva se define como \u201cLa capacidad de hablar e interactuar de una manera que considere y respete los derechos y opiniones de los dem\u00e1s,\" \/>\n<meta property=\"og:url\" content=\"https:\/\/www.aauniv.com\/s\/blog\/comunicacion-asertiva-que-es-y-caracteristicas\/\" \/>\n<meta property=\"og:site_name\" content=\"AAU |\u00a0Universidad a Distancia\" \/>\n<meta property=\"article:published_time\" content=\"2024-04-01T10:00:00+00:00\" \/>\n<meta property=\"article:modified_time\" content=\"2024-04-01T19:40:05+00:00\" \/>\n<meta property=\"og:image\" content=\"https:\/\/www.aauniv.com\/s\/blog\/wp-content\/uploads\/2022\/08\/comunicacion-asertiva-que-es.webp\" \/>\n\t<meta property=\"og:image:width\" content=\"1800\" \/>\n\t<meta property=\"og:image:height\" content=\"1125\" \/>\n\t<meta property=\"og:image:type\" content=\"image\/webp\" \/>\n<meta name=\"author\" content=\"AAU\" \/>\n<meta name=\"twitter:card\" content=\"summary_large_image\" \/>\n<meta name=\"twitter:label1\" content=\"Escrito por\" \/>\n\t<meta name=\"twitter:data1\" content=\"AAU\" \/>\n\t<meta name=\"twitter:label2\" content=\"Tiempo de lectura\" \/>\n\t<meta name=\"twitter:data2\" content=\"4 minutos\" \/>\n<script type=\"application\/ld+json\" class=\"yoast-schema-graph\">{\"@context\":\"https:\/\/schema.org\",\"@graph\":[{\"@type\":\"Article\",\"@id\":\"https:\/\/www.aauniv.com\/s\/blog\/comunicacion-asertiva-que-es-y-caracteristicas\/#article\",\"isPartOf\":{\"@id\":\"https:\/\/www.aauniv.com\/s\/blog\/comunicacion-asertiva-que-es-y-caracteristicas\/\"},\"author\":{\"name\":\"AAU\",\"@id\":\"https:\/\/www.aauniv.com\/s\/blog\/#\/schema\/person\/525907cfb6c6b93f4cda5c6e97e5a7e0\"},\"headline\":\"Comunicaci\u00f3n asertiva: qu\u00e9 es y caracter\u00edsticas\",\"datePublished\":\"2024-04-01T10:00:00+00:00\",\"dateModified\":\"2024-04-01T19:40:05+00:00\",\"mainEntityOfPage\":{\"@id\":\"https:\/\/www.aauniv.com\/s\/blog\/comunicacion-asertiva-que-es-y-caracteristicas\/\"},\"wordCount\":622,\"commentCount\":0,\"publisher\":{\"@id\":\"https:\/\/www.aauniv.com\/s\/blog\/#organization\"},\"image\":{\"@id\":\"https:\/\/www.aauniv.com\/s\/blog\/comunicacion-asertiva-que-es-y-caracteristicas\/#primaryimage\"},\"thumbnailUrl\":\"https:\/\/www.aauniv.com\/s\/blog\/wp-content\/uploads\/2022\/08\/comunicacion-asertiva-que-es.webp\",\"keywords\":[\"asertiva\",\"comunicacion asertiva\",\"comunicacion asertiva caracteristicas\",\"que es comunicacion asertiva\"],\"articleSection\":[\"Novedades\"],\"inLanguage\":\"es\",\"potentialAction\":[{\"@type\":\"CommentAction\",\"name\":\"Comment\",\"target\":[\"https:\/\/www.aauniv.com\/s\/blog\/comunicacion-asertiva-que-es-y-caracteristicas\/#respond\"]}]},{\"@type\":\"WebPage\",\"@id\":\"https:\/\/www.aauniv.com\/s\/blog\/comunicacion-asertiva-que-es-y-caracteristicas\/\",\"url\":\"https:\/\/www.aauniv.com\/s\/blog\/comunicacion-asertiva-que-es-y-caracteristicas\/\",\"name\":\"Comunicaci\u00f3n asertiva: qu\u00e9 es y caracter\u00edsticas | AAU |\u00a0Universidad a Distancia\",\"isPartOf\":{\"@id\":\"https:\/\/www.aauniv.com\/s\/blog\/#website\"},\"primaryImageOfPage\":{\"@id\":\"https:\/\/www.aauniv.com\/s\/blog\/comunicacion-asertiva-que-es-y-caracteristicas\/#primaryimage\"},\"image\":{\"@id\":\"https:\/\/www.aauniv.com\/s\/blog\/comunicacion-asertiva-que-es-y-caracteristicas\/#primaryimage\"},\"thumbnailUrl\":\"https:\/\/www.aauniv.com\/s\/blog\/wp-content\/uploads\/2022\/08\/comunicacion-asertiva-que-es.webp\",\"datePublished\":\"2024-04-01T10:00:00+00:00\",\"dateModified\":\"2024-04-01T19:40:05+00:00\",\"description\":\"La comunicaci\u00f3n asertiva se define como \u201cLa capacidad de hablar e interactuar de una manera que considere y respete los derechos y opiniones de los dem\u00e1s,\",\"breadcrumb\":{\"@id\":\"https:\/\/www.aauniv.com\/s\/blog\/comunicacion-asertiva-que-es-y-caracteristicas\/#breadcrumb\"},\"inLanguage\":\"es\",\"potentialAction\":[{\"@type\":\"ReadAction\",\"target\":[\"https:\/\/www.aauniv.com\/s\/blog\/comunicacion-asertiva-que-es-y-caracteristicas\/\"]}]},{\"@type\":\"ImageObject\",\"inLanguage\":\"es\",\"@id\":\"https:\/\/www.aauniv.com\/s\/blog\/comunicacion-asertiva-que-es-y-caracteristicas\/#primaryimage\",\"url\":\"https:\/\/www.aauniv.com\/s\/blog\/wp-content\/uploads\/2022\/08\/comunicacion-asertiva-que-es.webp\",\"contentUrl\":\"https:\/\/www.aauniv.com\/s\/blog\/wp-content\/uploads\/2022\/08\/comunicacion-asertiva-que-es.webp\",\"width\":1800,\"height\":1125,\"caption\":\"comunicacion-asertiva-que-es\"},{\"@type\":\"BreadcrumbList\",\"@id\":\"https:\/\/www.aauniv.com\/s\/blog\/comunicacion-asertiva-que-es-y-caracteristicas\/#breadcrumb\",\"itemListElement\":[{\"@type\":\"ListItem\",\"position\":1,\"name\":\"Portada\",\"item\":\"https:\/\/www.aauniv.com\/s\/blog\/\"},{\"@type\":\"ListItem\",\"position\":2,\"name\":\"Comunicaci\u00f3n asertiva: qu\u00e9 es y caracter\u00edsticas\"}]},{\"@type\":\"WebSite\",\"@id\":\"https:\/\/www.aauniv.com\/s\/blog\/#website\",\"url\":\"https:\/\/www.aauniv.com\/s\/blog\/\",\"name\":\"AAU |\u00a0Universidad a Distancia\",\"description\":\"\",\"publisher\":{\"@id\":\"https:\/\/www.aauniv.com\/s\/blog\/#organization\"},\"potentialAction\":[{\"@type\":\"SearchAction\",\"target\":{\"@type\":\"EntryPoint\",\"urlTemplate\":\"https:\/\/www.aauniv.com\/s\/blog\/?s={search_term_string}\"},\"query-input\":\"required name=search_term_string\"}],\"inLanguage\":\"es\"},{\"@type\":\"Organization\",\"@id\":\"https:\/\/www.aauniv.com\/s\/blog\/#organization\",\"name\":\"AAU\",\"url\":\"https:\/\/www.aauniv.com\/s\/blog\/\",\"logo\":{\"@type\":\"ImageObject\",\"inLanguage\":\"es\",\"@id\":\"https:\/\/www.aauniv.com\/s\/blog\/#\/schema\/logo\/image\/\",\"url\":\"https:\/\/www.aauniv.com\/s\/blog\/wp-content\/uploads\/2018\/03\/american-andragogy-university-logo-amp.jpg\",\"contentUrl\":\"https:\/\/www.aauniv.com\/s\/blog\/wp-content\/uploads\/2018\/03\/american-andragogy-university-logo-amp.jpg\",\"width\":190,\"height\":36,\"caption\":\"AAU\"},\"image\":{\"@id\":\"https:\/\/www.aauniv.com\/s\/blog\/#\/schema\/logo\/image\/\"}},{\"@type\":\"Person\",\"@id\":\"https:\/\/www.aauniv.com\/s\/blog\/#\/schema\/person\/525907cfb6c6b93f4cda5c6e97e5a7e0\",\"name\":\"AAU\",\"image\":{\"@type\":\"ImageObject\",\"inLanguage\":\"es\",\"@id\":\"https:\/\/www.aauniv.com\/s\/blog\/#\/schema\/person\/image\/\",\"url\":\"https:\/\/www.aauniv.com\/s\/blog\/wp-content\/uploads\/2019\/02\/american-university-aau.png\",\"contentUrl\":\"https:\/\/www.aauniv.com\/s\/blog\/wp-content\/uploads\/2019\/02\/american-university-aau.png\",\"caption\":\"AAU\"},\"sameAs\":[\"https:\/\/www.aauniv.com\/s\/\"],\"url\":\"https:\/\/www.aauniv.com\/s\/blog\/author\/arnoldgutierrez\/\"}]}<\/script>\n<!-- \/ Yoast SEO plugin. -->","yoast_head_json":{"title":"Comunicaci\u00f3n asertiva: qu\u00e9 es y caracter\u00edsticas | AAU |\u00a0Universidad a Distancia","description":"La comunicaci\u00f3n asertiva se define como \u201cLa capacidad de hablar e interactuar de una manera que considere y respete los derechos y opiniones de los dem\u00e1s,","robots":{"index":"index","follow":"follow","max-snippet":"max-snippet:-1","max-image-preview":"max-image-preview:large","max-video-preview":"max-video-preview:-1"},"canonical":"https:\/\/www.aauniv.com\/s\/blog\/comunicacion-asertiva-que-es-y-caracteristicas\/","og_locale":"es_ES","og_type":"article","og_title":"Comunicaci\u00f3n asertiva: qu\u00e9 es y caracter\u00edsticas | AAU |\u00a0Universidad a Distancia","og_description":"La comunicaci\u00f3n asertiva se define como \u201cLa capacidad de hablar e interactuar de una manera que considere y respete los derechos y opiniones de los dem\u00e1s,","og_url":"https:\/\/www.aauniv.com\/s\/blog\/comunicacion-asertiva-que-es-y-caracteristicas\/","og_site_name":"AAU |\u00a0Universidad a Distancia","article_published_time":"2024-04-01T10:00:00+00:00","article_modified_time":"2024-04-01T19:40:05+00:00","og_image":[{"width":1800,"height":1125,"url":"https:\/\/www.aauniv.com\/s\/blog\/wp-content\/uploads\/2022\/08\/comunicacion-asertiva-que-es.webp","type":"image\/webp"}],"author":"AAU","twitter_card":"summary_large_image","twitter_misc":{"Escrito por":"AAU","Tiempo de lectura":"4 minutos"},"schema":{"@context":"https:\/\/schema.org","@graph":[{"@type":"Article","@id":"https:\/\/www.aauniv.com\/s\/blog\/comunicacion-asertiva-que-es-y-caracteristicas\/#article","isPartOf":{"@id":"https:\/\/www.aauniv.com\/s\/blog\/comunicacion-asertiva-que-es-y-caracteristicas\/"},"author":{"name":"AAU","@id":"https:\/\/www.aauniv.com\/s\/blog\/#\/schema\/person\/525907cfb6c6b93f4cda5c6e97e5a7e0"},"headline":"Comunicaci\u00f3n asertiva: qu\u00e9 es y caracter\u00edsticas","datePublished":"2024-04-01T10:00:00+00:00","dateModified":"2024-04-01T19:40:05+00:00","mainEntityOfPage":{"@id":"https:\/\/www.aauniv.com\/s\/blog\/comunicacion-asertiva-que-es-y-caracteristicas\/"},"wordCount":622,"commentCount":0,"publisher":{"@id":"https:\/\/www.aauniv.com\/s\/blog\/#organization"},"image":{"@id":"https:\/\/www.aauniv.com\/s\/blog\/comunicacion-asertiva-que-es-y-caracteristicas\/#primaryimage"},"thumbnailUrl":"https:\/\/www.aauniv.com\/s\/blog\/wp-content\/uploads\/2022\/08\/comunicacion-asertiva-que-es.webp","keywords":["asertiva","comunicacion asertiva","comunicacion asertiva caracteristicas","que es comunicacion asertiva"],"articleSection":["Novedades"],"inLanguage":"es","potentialAction":[{"@type":"CommentAction","name":"Comment","target":["https:\/\/www.aauniv.com\/s\/blog\/comunicacion-asertiva-que-es-y-caracteristicas\/#respond"]}]},{"@type":"WebPage","@id":"https:\/\/www.aauniv.com\/s\/blog\/comunicacion-asertiva-que-es-y-caracteristicas\/","url":"https:\/\/www.aauniv.com\/s\/blog\/comunicacion-asertiva-que-es-y-caracteristicas\/","name":"Comunicaci\u00f3n asertiva: qu\u00e9 es y caracter\u00edsticas | AAU |\u00a0Universidad a Distancia","isPartOf":{"@id":"https:\/\/www.aauniv.com\/s\/blog\/#website"},"primaryImageOfPage":{"@id":"https:\/\/www.aauniv.com\/s\/blog\/comunicacion-asertiva-que-es-y-caracteristicas\/#primaryimage"},"image":{"@id":"https:\/\/www.aauniv.com\/s\/blog\/comunicacion-asertiva-que-es-y-caracteristicas\/#primaryimage"},"thumbnailUrl":"https:\/\/www.aauniv.com\/s\/blog\/wp-content\/uploads\/2022\/08\/comunicacion-asertiva-que-es.webp","datePublished":"2024-04-01T10:00:00+00:00","dateModified":"2024-04-01T19:40:05+00:00","description":"La comunicaci\u00f3n asertiva se define como \u201cLa capacidad de hablar e interactuar de una manera que considere y respete los derechos y opiniones de los dem\u00e1s,","breadcrumb":{"@id":"https:\/\/www.aauniv.com\/s\/blog\/comunicacion-asertiva-que-es-y-caracteristicas\/#breadcrumb"},"inLanguage":"es","potentialAction":[{"@type":"ReadAction","target":["https:\/\/www.aauniv.com\/s\/blog\/comunicacion-asertiva-que-es-y-caracteristicas\/"]}]},{"@type":"ImageObject","inLanguage":"es","@id":"https:\/\/www.aauniv.com\/s\/blog\/comunicacion-asertiva-que-es-y-caracteristicas\/#primaryimage","url":"https:\/\/www.aauniv.com\/s\/blog\/wp-content\/uploads\/2022\/08\/comunicacion-asertiva-que-es.webp","contentUrl":"https:\/\/www.aauniv.com\/s\/blog\/wp-content\/uploads\/2022\/08\/comunicacion-asertiva-que-es.webp","width":1800,"height":1125,"caption":"comunicacion-asertiva-que-es"},{"@type":"BreadcrumbList","@id":"https:\/\/www.aauniv.com\/s\/blog\/comunicacion-asertiva-que-es-y-caracteristicas\/#breadcrumb","itemListElement":[{"@type":"ListItem","position":1,"name":"Portada","item":"https:\/\/www.aauniv.com\/s\/blog\/"},{"@type":"ListItem","position":2,"name":"Comunicaci\u00f3n asertiva: qu\u00e9 es y caracter\u00edsticas"}]},{"@type":"WebSite","@id":"https:\/\/www.aauniv.com\/s\/blog\/#website","url":"https:\/\/www.aauniv.com\/s\/blog\/","name":"AAU |\u00a0Universidad a Distancia","description":"","publisher":{"@id":"https:\/\/www.aauniv.com\/s\/blog\/#organization"},"potentialAction":[{"@type":"SearchAction","target":{"@type":"EntryPoint","urlTemplate":"https:\/\/www.aauniv.com\/s\/blog\/?s={search_term_string}"},"query-input":"required name=search_term_string"}],"inLanguage":"es"},{"@type":"Organization","@id":"https:\/\/www.aauniv.com\/s\/blog\/#organization","name":"AAU","url":"https:\/\/www.aauniv.com\/s\/blog\/","logo":{"@type":"ImageObject","inLanguage":"es","@id":"https:\/\/www.aauniv.com\/s\/blog\/#\/schema\/logo\/image\/","url":"https:\/\/www.aauniv.com\/s\/blog\/wp-content\/uploads\/2018\/03\/american-andragogy-university-logo-amp.jpg","contentUrl":"https:\/\/www.aauniv.com\/s\/blog\/wp-content\/uploads\/2018\/03\/american-andragogy-university-logo-amp.jpg","width":190,"height":36,"caption":"AAU"},"image":{"@id":"https:\/\/www.aauniv.com\/s\/blog\/#\/schema\/logo\/image\/"}},{"@type":"Person","@id":"https:\/\/www.aauniv.com\/s\/blog\/#\/schema\/person\/525907cfb6c6b93f4cda5c6e97e5a7e0","name":"AAU","image":{"@type":"ImageObject","inLanguage":"es","@id":"https:\/\/www.aauniv.com\/s\/blog\/#\/schema\/person\/image\/","url":"https:\/\/www.aauniv.com\/s\/blog\/wp-content\/uploads\/2019\/02\/american-university-aau.png","contentUrl":"https:\/\/www.aauniv.com\/s\/blog\/wp-content\/uploads\/2019\/02\/american-university-aau.png","caption":"AAU"},"sameAs":["https:\/\/www.aauniv.com\/s\/"],"url":"https:\/\/www.aauniv.com\/s\/blog\/author\/arnoldgutierrez\/"}]}},"_links":{"self":[{"href":"https:\/\/www.aauniv.com\/s\/blog\/wp-json\/wp\/v2\/posts\/2784"}],"collection":[{"href":"https:\/\/www.aauniv.com\/s\/blog\/wp-json\/wp\/v2\/posts"}],"about":[{"href":"https:\/\/www.aauniv.com\/s\/blog\/wp-json\/wp\/v2\/types\/post"}],"author":[{"embeddable":true,"href":"https:\/\/www.aauniv.com\/s\/blog\/wp-json\/wp\/v2\/users\/2"}],"replies":[{"embeddable":true,"href":"https:\/\/www.aauniv.com\/s\/blog\/wp-json\/wp\/v2\/comments?post=2784"}],"version-history":[{"count":4,"href":"https:\/\/www.aauniv.com\/s\/blog\/wp-json\/wp\/v2\/posts\/2784\/revisions"}],"predecessor-version":[{"id":4344,"href":"https:\/\/www.aauniv.com\/s\/blog\/wp-json\/wp\/v2\/posts\/2784\/revisions\/4344"}],"wp:featuredmedia":[{"embeddable":true,"href":"https:\/\/www.aauniv.com\/s\/blog\/wp-json\/wp\/v2\/media\/2786"}],"wp:attachment":[{"href":"https:\/\/www.aauniv.com\/s\/blog\/wp-json\/wp\/v2\/media?parent=2784"}],"wp:term":[{"taxonomy":"category","embeddable":true,"href":"https:\/\/www.aauniv.com\/s\/blog\/wp-json\/wp\/v2\/categories?post=2784"},{"taxonomy":"post_tag","embeddable":true,"href":"https:\/\/www.aauniv.com\/s\/blog\/wp-json\/wp\/v2\/tags?post=2784"}],"curies":[{"name":"wp","href":"https:\/\/api.w.org\/{rel}","templated":true}]}}