{"id":2763,"date":"2024-04-01T10:00:00","date_gmt":"2024-04-01T10:00:00","guid":{"rendered":"https:\/\/www.aauniv.com\/s\/blog\/?p=2763"},"modified":"2024-04-01T19:40:14","modified_gmt":"2024-04-01T19:40:14","slug":"cualidades-marcan-una-persona-profesional","status":"publish","type":"post","link":"https:\/\/www.aauniv.com\/s\/blog\/cualidades-marcan-una-persona-profesional\/","title":{"rendered":"5 Cualidades que marcan a una persona profesional"},"content":{"rendered":"\n<figure class=\"wp-block-image size-full\"><img loading=\"lazy\" decoding=\"async\" width=\"700\" height=\"465\" src=\"https:\/\/www.aauniv.com\/s\/blog\/wp-content\/uploads\/2022\/07\/cualidades-marcan-persona-profesional.jpg\" alt=\"cualidades-marcan-persona-profesional\" class=\"wp-image-2767\" srcset=\"https:\/\/www.aauniv.com\/s\/blog\/wp-content\/uploads\/2022\/07\/cualidades-marcan-persona-profesional.jpg 700w, https:\/\/www.aauniv.com\/s\/blog\/wp-content\/uploads\/2022\/07\/cualidades-marcan-persona-profesional-300x199.jpg 300w\" sizes=\"(max-width: 700px) 100vw, 700px\" \/><\/figure>\n\n\n\n<p>Las <strong>cualidades que marcan a una persona profesional <\/strong>son ese conjunto de caracter\u00edsticas y atributos que lo hacen acreedor de su t\u00edtulo, y por supuesto como <strong>persona profesional<\/strong>. Las cualidades a mencionar en este art\u00edculo son solo algunas de ellas, y es que para alcanzar el \u00e9xito profesional, no basta con haber estudiado en una<strong> <\/strong><a href=\"https:\/\/www.aauniv.com\/s\/\"><strong>universidad<\/strong><\/a> o tener experiencia, pues disponer de algunas o la gran mayor\u00eda de estas<strong> cualidades<\/strong>, ser\u00e1 suficiente para obtener un cargo laboral m\u00e1s all\u00e1 de la capacidad t\u00e9cnica que posea el individuo.&nbsp;&nbsp;<\/p>\n\n\n\n<p><strong>Algunas de estas cualidades son:<\/strong><\/p>\n\n\n\n<div id=\"ez-toc-container\" class=\"ez-toc-v2_0_68_1 counter-hierarchy ez-toc-counter ez-toc-grey ez-toc-container-direction\">\n<p class=\"ez-toc-title\">Table of Contents<\/p>\n<label for=\"ez-toc-cssicon-toggle-item-69f10cc40d18e\" class=\"ez-toc-cssicon-toggle-label\"><span class=\"\"><span class=\"eztoc-hide\" style=\"display:none;\">Toggle<\/span><span class=\"ez-toc-icon-toggle-span\"><svg style=\"fill: #999;color:#999\" xmlns=\"http:\/\/www.w3.org\/2000\/svg\" class=\"list-377408\" width=\"20px\" height=\"20px\" viewBox=\"0 0 24 24\" fill=\"none\"><path d=\"M6 6H4v2h2V6zm14 0H8v2h12V6zM4 11h2v2H4v-2zm16 0H8v2h12v-2zM4 16h2v2H4v-2zm16 0H8v2h12v-2z\" fill=\"currentColor\"><\/path><\/svg><svg style=\"fill: #999;color:#999\" class=\"arrow-unsorted-368013\" xmlns=\"http:\/\/www.w3.org\/2000\/svg\" width=\"10px\" height=\"10px\" viewBox=\"0 0 24 24\" version=\"1.2\" baseProfile=\"tiny\"><path d=\"M18.2 9.3l-6.2-6.3-6.2 6.3c-.2.2-.3.4-.3.7s.1.5.3.7c.2.2.4.3.7.3h11c.3 0 .5-.1.7-.3.2-.2.3-.5.3-.7s-.1-.5-.3-.7zM5.8 14.7l6.2 6.3 6.2-6.3c.2-.2.3-.5.3-.7s-.1-.5-.3-.7c-.2-.2-.4-.3-.7-.3h-11c-.3 0-.5.1-.7.3-.2.2-.3.5-.3.7s.1.5.3.7z\"\/><\/svg><\/span><\/span><\/label><input type=\"checkbox\"  id=\"ez-toc-cssicon-toggle-item-69f10cc40d18e\"  aria-label=\"Toggle\" \/><nav><ul class='ez-toc-list ez-toc-list-level-1 ' ><li class='ez-toc-page-1 ez-toc-heading-level-2'><a class=\"ez-toc-link ez-toc-heading-1\" href=\"https:\/\/www.aauniv.com\/s\/blog\/cualidades-marcan-una-persona-profesional\/#1_Responsable\" title=\"1. Responsable\">1. Responsable<\/a><\/li><li class='ez-toc-page-1 ez-toc-heading-level-2'><a class=\"ez-toc-link ez-toc-heading-2\" href=\"https:\/\/www.aauniv.com\/s\/blog\/cualidades-marcan-una-persona-profesional\/#2_Inteligente\" title=\"2. Inteligente\">2. Inteligente<\/a><\/li><li class='ez-toc-page-1 ez-toc-heading-level-2'><a class=\"ez-toc-link ez-toc-heading-3\" href=\"https:\/\/www.aauniv.com\/s\/blog\/cualidades-marcan-una-persona-profesional\/#3_Comprometido\" title=\"3. Comprometido\">3. Comprometido<\/a><\/li><li class='ez-toc-page-1 ez-toc-heading-level-2'><a class=\"ez-toc-link ez-toc-heading-4\" href=\"https:\/\/www.aauniv.com\/s\/blog\/cualidades-marcan-una-persona-profesional\/#4_Maduro\" title=\"4. Maduro\">4. Maduro<\/a><\/li><li class='ez-toc-page-1 ez-toc-heading-level-2'><a class=\"ez-toc-link ez-toc-heading-5\" href=\"https:\/\/www.aauniv.com\/s\/blog\/cualidades-marcan-una-persona-profesional\/#5_Honesto\" title=\"5. Honesto&nbsp;\">5. Honesto&nbsp;<\/a><\/li><\/ul><\/nav><\/div>\n<h2 class=\"wp-block-heading\"><span class=\"ez-toc-section\" id=\"1_Responsable\"><\/span>1. <strong>Responsable<\/strong><span class=\"ez-toc-section-end\"><\/span><\/h2>\n\n\n\n<p>Una de las <strong>cualidades de una persona profesional<\/strong> exitosa, es la responsabilidad. La responsabilidad, es una de las cualidades m\u00e1s importantes en un <strong>profesional<\/strong>, ya que esta le obliga a responder a ciertos actos y acontecimientos con total atenci\u00f3n y casi de manera obligatoria; la responsabilidad en una <strong>persona profesional<\/strong> se ve reflejado a trav\u00e9s de la puntualidad en su horario de trabajo, en el cumplimiento de sus actividades laborales y sobre todo en el acatamiento de las promesas que asume.&nbsp;<\/p>\n\n\n\n<h2 class=\"wp-block-heading\"><span class=\"ez-toc-section\" id=\"2_Inteligente\"><\/span>2. <strong>Inteligente<\/strong><span class=\"ez-toc-section-end\"><\/span><\/h2>\n\n\n\n<p>Otra de las<strong> cualidades<\/strong> que marcan a una <strong>persona profesional<\/strong>, es el ser inteligente, y es que para nadie es un secreto que la inteligencia es uno de los rasgos m\u00e1s diferenciadores y ventajosos de un profesional.&nbsp;<\/p>\n\n\n\n<p>Sin embargo, cuando hablamos de inteligencia no solo hablamos de que el profesional debe ser bueno en lo que hace y tener conocimiento amplio en su profesi\u00f3n, sino tambi\u00e9n contar con un alto nivel de inteligencia emocional, el cual le permitir\u00e1 estar en constante aprendizaje, saber razonar y tomar mejores decisiones, aspectos sumamente necesarios si tal profesional ejerce con otras colegas en una empresa, o incluso se consolida en posiciones de alto mando.&nbsp;<\/p>\n\n\n\n<h2 class=\"wp-block-heading\"><span class=\"ez-toc-section\" id=\"3_Comprometido\"><\/span>3. <strong>Comprometido<\/strong><span class=\"ez-toc-section-end\"><\/span><\/h2>\n\n\n\n<p>Sabemos que los reclutadores buscan a una <strong>persona profesional<\/strong>, est\u00e1 que tenga <a href=\"https:\/\/www.aauniv.com\/s\/licenciaturas-en-linea\/\"><strong>carreras universitarias<\/strong><\/a> y experiencia en su rama acad\u00e9mica. No obstante, m\u00e1s all\u00e1 de eso, la gran mayor\u00eda de estos tienen muy presente la cualidad del compromiso en sus aspirantes, esta es una de las<strong> cualidades<\/strong> que toda empresa busca en aquel profesional que contrate, y es que una persona comprometida con su trabajo, con la visi\u00f3n de la organizaci\u00f3n y por supuesto con lo que le apasiona, es fiel a la misma, y este en el tiempo har\u00e1 importantes aportes, incluso m\u00e1s de lo esperado.&nbsp;<\/p>\n\n\n\n<h2 class=\"wp-block-heading\"><span class=\"ez-toc-section\" id=\"4_Maduro\"><\/span>4. <strong>Maduro<\/strong><span class=\"ez-toc-section-end\"><\/span><\/h2>\n\n\n\n<p>Psicol\u00f3gicamente hablando, la madurez se refiere a aquel nivel de funcionamiento mental que alcanza una <strong>persona <\/strong>a medida que envejece. Sin embargo, en el \u00e1mbito profesional, sabemos que la madurez en un individuo va m\u00e1s all\u00e1 de los n\u00fameros, sino de las experiencias que tiene, el aprendizaje e incluso la personalidad de este.<\/p>\n\n\n\n<p>Por ello, definimos esta como una de las <strong>cualidades de una persona profesional<\/strong> que la hace una persona emp\u00e1tica, autocr\u00edtica y que sabe controlar sus emociones ante ciertas situaciones, aquellas en las que muchas veces se encuentra expuesto en el trabajo.&nbsp;&nbsp;<\/p>\n\n\n\n<h2 class=\"wp-block-heading\"><span class=\"ez-toc-section\" id=\"5_Honesto\"><\/span>5. <strong>Honesto&nbsp;<\/strong><span class=\"ez-toc-section-end\"><\/span><\/h2>\n\n\n\n<p>Entre las <strong>cualidades que marcan a una persona profesional<\/strong> se ubica en el \u00faltimo puesto la honestidad. Esta cualidad hace referencia a un conjunto de atributos personales, que van desde la \u00e9tica, hasta la rectitud.&nbsp;<\/p>\n\n\n\n<p>Toda <strong>persona<\/strong> indistintamente sea o no<strong> profesional<\/strong> debe contar con esta cualidad, ya que practic\u00e1ndola diariamente traer\u00e1 consigo grandes beneficios, como el generar confianza entre sus colegas o superiores, tener siempre la conciencia tranquila, y la posibilidad de escalar dentro de su trabajo; la honestidad es una de las<strong> cualidades<\/strong> m\u00e1s significativas hoy en d\u00eda, ya que son pocos la que la practican, especialmente en lo profesional.&nbsp;<\/p>\n\n\n\n<p>Esperamos que esta informaci\u00f3n te haya sido \u00fatil, nosotros como <em>universidad online<\/em> sabemos cu\u00e1n importante es formar a expertos con aquellas <strong>cualidades profesionales<\/strong> que le sean de beneficio para estos una vez salgan a ejercer en el campo su profesi\u00f3n.<\/p>\n\n\n\n<p>Por ello, si quieres formarte profesionalmente o continuar tu carrera profesional, en la <em>American Andragogy University<\/em> m\u00e1s all\u00e1 de brindarte la oportunidad de obtener un t\u00edtulo como profesional en el \u00e1rea que m\u00e1s te guste, te daremos todas las herramientas necesarias para que desarrolles todas tus <strong>cualidades<\/strong> personales y profesionales, como lo puede ser el compromiso, la inteligencia y la responsabilidad.<\/p>\n\n\n\n<p><\/p>\n\n\n\n<p><strong><em>\u00a1No lo dudes m\u00e1s! <\/em><\/strong><a href=\"https:\/\/www.aauniv.com\/s\/contactanos\/\"><strong><em>Estudia en AAU y aviva tus cualidades<\/em><\/strong><\/a><strong><em>, esas que te llevar\u00e1n a alcanzar la meta que tanto so\u00f1aste.<\/em><\/strong><\/p>\n\n\n\n<p><strong>* Ll\u00e1manos al&nbsp;<\/strong><a href=\"https:\/\/api.whatsapp.com\/send?phone=18084646618&amp;text=American%20Andragogy%20University%20-%20Hawaii%20-%20Estados%20Unidos,%20le%20saluda.%20Estaremos%20respondiendo%20lo%20antes%20posible,%20d%C3%A9jenos%20un%20mensaje%20con:%20Nombres%20y%20apellido%20\/%20Programa%20de%20inter%C3%A9s:%20Diplomado%20-%20Licenciatura%20-%20Maestria%20-%20Doctorado%20-%20Posdoctorado%20\/%20%C3%81rea%20de%20estudios%20de%20inter%C3%A9s\">+1 808 4646618<\/a><\/p>\n\n\n\n<p><strong>* Env\u00edanos un correo a&nbsp;<\/strong><a href=\"mailto:admin@aauniv.com\">admin@aauniv.com<\/a><\/p>\n\n\n\n<p><strong>* Visita nuestro sitio web en&nbsp;<\/strong><a href=\"https:\/\/www.aauniv.com\/s\/\">https:\/\/www.aauniv.com\/s\/<\/a><\/p>\n","protected":false},"excerpt":{"rendered":"<p>Las cualidades que marcan a una persona profesional son ese conjunto de caracter\u00edsticas y atributos que lo hacen acreedor de su t\u00edtulo, y por supuesto como persona profesional. Las cualidades a mencionar en este&#46;&#46;&#46;<\/p>\n","protected":false},"author":2,"featured_media":2767,"comment_status":"open","ping_status":"open","sticky":false,"template":"","format":"standard","meta":{"footnotes":"","_joinchat":[]},"categories":[6],"tags":[1201,1202,1200,1203],"yoast_head":"<!-- This site is optimized with the Yoast SEO plugin v23.1 - https:\/\/yoast.com\/wordpress\/plugins\/seo\/ -->\n<title>5 Cualidades que marcan a una persona profesional | AAU |\u00a0Universidad a Distancia<\/title>\n<meta name=\"description\" content=\"Las cualidades que marcan a una persona profesional son ese conjunto de caracter\u00edsticas y atributos que lo hacen acreedor de su t\u00edtulo, y por supuesto\" \/>\n<meta name=\"robots\" content=\"index, follow, max-snippet:-1, max-image-preview:large, max-video-preview:-1\" \/>\n<link rel=\"canonical\" href=\"https:\/\/www.aauniv.com\/s\/blog\/cualidades-marcan-una-persona-profesional\/\" \/>\n<meta property=\"og:locale\" content=\"es_ES\" \/>\n<meta property=\"og:type\" content=\"article\" \/>\n<meta property=\"og:title\" content=\"5 Cualidades que marcan a una persona profesional | AAU |\u00a0Universidad a Distancia\" \/>\n<meta property=\"og:description\" content=\"Las cualidades que marcan a una persona profesional son ese conjunto de caracter\u00edsticas y atributos que lo hacen acreedor de su t\u00edtulo, y por supuesto\" \/>\n<meta property=\"og:url\" content=\"https:\/\/www.aauniv.com\/s\/blog\/cualidades-marcan-una-persona-profesional\/\" \/>\n<meta property=\"og:site_name\" content=\"AAU |\u00a0Universidad a Distancia\" \/>\n<meta property=\"article:published_time\" content=\"2024-04-01T10:00:00+00:00\" \/>\n<meta property=\"article:modified_time\" content=\"2024-04-01T19:40:14+00:00\" \/>\n<meta property=\"og:image\" content=\"https:\/\/www.aauniv.com\/s\/blog\/wp-content\/uploads\/2022\/07\/cualidades-marcan-persona-profesional.jpg\" \/>\n\t<meta property=\"og:image:width\" content=\"700\" \/>\n\t<meta property=\"og:image:height\" content=\"465\" \/>\n\t<meta property=\"og:image:type\" content=\"image\/jpeg\" \/>\n<meta name=\"author\" content=\"AAU\" \/>\n<meta name=\"twitter:card\" content=\"summary_large_image\" \/>\n<meta name=\"twitter:label1\" content=\"Escrito por\" \/>\n\t<meta name=\"twitter:data1\" content=\"AAU\" \/>\n\t<meta name=\"twitter:label2\" content=\"Tiempo de lectura\" \/>\n\t<meta name=\"twitter:data2\" content=\"4 minutos\" \/>\n<script type=\"application\/ld+json\" class=\"yoast-schema-graph\">{\"@context\":\"https:\/\/schema.org\",\"@graph\":[{\"@type\":\"Article\",\"@id\":\"https:\/\/www.aauniv.com\/s\/blog\/cualidades-marcan-una-persona-profesional\/#article\",\"isPartOf\":{\"@id\":\"https:\/\/www.aauniv.com\/s\/blog\/cualidades-marcan-una-persona-profesional\/\"},\"author\":{\"name\":\"AAU\",\"@id\":\"https:\/\/www.aauniv.com\/s\/blog\/#\/schema\/person\/525907cfb6c6b93f4cda5c6e97e5a7e0\"},\"headline\":\"5 Cualidades que marcan a una persona profesional\",\"datePublished\":\"2024-04-01T10:00:00+00:00\",\"dateModified\":\"2024-04-01T19:40:14+00:00\",\"mainEntityOfPage\":{\"@id\":\"https:\/\/www.aauniv.com\/s\/blog\/cualidades-marcan-una-persona-profesional\/\"},\"wordCount\":781,\"commentCount\":0,\"publisher\":{\"@id\":\"https:\/\/www.aauniv.com\/s\/blog\/#organization\"},\"image\":{\"@id\":\"https:\/\/www.aauniv.com\/s\/blog\/cualidades-marcan-una-persona-profesional\/#primaryimage\"},\"thumbnailUrl\":\"https:\/\/www.aauniv.com\/s\/blog\/wp-content\/uploads\/2022\/07\/cualidades-marcan-persona-profesional.jpg\",\"keywords\":[\"cualidades\",\"cualidades personal profesional\",\"cualidades profesionales\",\"persona profesional\"],\"articleSection\":[\"Novedades\"],\"inLanguage\":\"es\",\"potentialAction\":[{\"@type\":\"CommentAction\",\"name\":\"Comment\",\"target\":[\"https:\/\/www.aauniv.com\/s\/blog\/cualidades-marcan-una-persona-profesional\/#respond\"]}]},{\"@type\":\"WebPage\",\"@id\":\"https:\/\/www.aauniv.com\/s\/blog\/cualidades-marcan-una-persona-profesional\/\",\"url\":\"https:\/\/www.aauniv.com\/s\/blog\/cualidades-marcan-una-persona-profesional\/\",\"name\":\"5 Cualidades que marcan a una persona profesional | AAU |\u00a0Universidad a Distancia\",\"isPartOf\":{\"@id\":\"https:\/\/www.aauniv.com\/s\/blog\/#website\"},\"primaryImageOfPage\":{\"@id\":\"https:\/\/www.aauniv.com\/s\/blog\/cualidades-marcan-una-persona-profesional\/#primaryimage\"},\"image\":{\"@id\":\"https:\/\/www.aauniv.com\/s\/blog\/cualidades-marcan-una-persona-profesional\/#primaryimage\"},\"thumbnailUrl\":\"https:\/\/www.aauniv.com\/s\/blog\/wp-content\/uploads\/2022\/07\/cualidades-marcan-persona-profesional.jpg\",\"datePublished\":\"2024-04-01T10:00:00+00:00\",\"dateModified\":\"2024-04-01T19:40:14+00:00\",\"description\":\"Las cualidades que marcan a una persona profesional son ese conjunto de caracter\u00edsticas y atributos que lo hacen acreedor de su t\u00edtulo, y por supuesto\",\"breadcrumb\":{\"@id\":\"https:\/\/www.aauniv.com\/s\/blog\/cualidades-marcan-una-persona-profesional\/#breadcrumb\"},\"inLanguage\":\"es\",\"potentialAction\":[{\"@type\":\"ReadAction\",\"target\":[\"https:\/\/www.aauniv.com\/s\/blog\/cualidades-marcan-una-persona-profesional\/\"]}]},{\"@type\":\"ImageObject\",\"inLanguage\":\"es\",\"@id\":\"https:\/\/www.aauniv.com\/s\/blog\/cualidades-marcan-una-persona-profesional\/#primaryimage\",\"url\":\"https:\/\/www.aauniv.com\/s\/blog\/wp-content\/uploads\/2022\/07\/cualidades-marcan-persona-profesional.jpg\",\"contentUrl\":\"https:\/\/www.aauniv.com\/s\/blog\/wp-content\/uploads\/2022\/07\/cualidades-marcan-persona-profesional.jpg\",\"width\":700,\"height\":465,\"caption\":\"cualidades-marcan-persona-profesional\"},{\"@type\":\"BreadcrumbList\",\"@id\":\"https:\/\/www.aauniv.com\/s\/blog\/cualidades-marcan-una-persona-profesional\/#breadcrumb\",\"itemListElement\":[{\"@type\":\"ListItem\",\"position\":1,\"name\":\"Portada\",\"item\":\"https:\/\/www.aauniv.com\/s\/blog\/\"},{\"@type\":\"ListItem\",\"position\":2,\"name\":\"5 Cualidades que marcan a una persona profesional\"}]},{\"@type\":\"WebSite\",\"@id\":\"https:\/\/www.aauniv.com\/s\/blog\/#website\",\"url\":\"https:\/\/www.aauniv.com\/s\/blog\/\",\"name\":\"AAU |\u00a0Universidad a Distancia\",\"description\":\"\",\"publisher\":{\"@id\":\"https:\/\/www.aauniv.com\/s\/blog\/#organization\"},\"potentialAction\":[{\"@type\":\"SearchAction\",\"target\":{\"@type\":\"EntryPoint\",\"urlTemplate\":\"https:\/\/www.aauniv.com\/s\/blog\/?s={search_term_string}\"},\"query-input\":\"required name=search_term_string\"}],\"inLanguage\":\"es\"},{\"@type\":\"Organization\",\"@id\":\"https:\/\/www.aauniv.com\/s\/blog\/#organization\",\"name\":\"AAU\",\"url\":\"https:\/\/www.aauniv.com\/s\/blog\/\",\"logo\":{\"@type\":\"ImageObject\",\"inLanguage\":\"es\",\"@id\":\"https:\/\/www.aauniv.com\/s\/blog\/#\/schema\/logo\/image\/\",\"url\":\"https:\/\/www.aauniv.com\/s\/blog\/wp-content\/uploads\/2018\/03\/american-andragogy-university-logo-amp.jpg\",\"contentUrl\":\"https:\/\/www.aauniv.com\/s\/blog\/wp-content\/uploads\/2018\/03\/american-andragogy-university-logo-amp.jpg\",\"width\":190,\"height\":36,\"caption\":\"AAU\"},\"image\":{\"@id\":\"https:\/\/www.aauniv.com\/s\/blog\/#\/schema\/logo\/image\/\"}},{\"@type\":\"Person\",\"@id\":\"https:\/\/www.aauniv.com\/s\/blog\/#\/schema\/person\/525907cfb6c6b93f4cda5c6e97e5a7e0\",\"name\":\"AAU\",\"image\":{\"@type\":\"ImageObject\",\"inLanguage\":\"es\",\"@id\":\"https:\/\/www.aauniv.com\/s\/blog\/#\/schema\/person\/image\/\",\"url\":\"https:\/\/www.aauniv.com\/s\/blog\/wp-content\/uploads\/2019\/02\/american-university-aau.png\",\"contentUrl\":\"https:\/\/www.aauniv.com\/s\/blog\/wp-content\/uploads\/2019\/02\/american-university-aau.png\",\"caption\":\"AAU\"},\"sameAs\":[\"https:\/\/www.aauniv.com\/s\/\"],\"url\":\"https:\/\/www.aauniv.com\/s\/blog\/author\/arnoldgutierrez\/\"}]}<\/script>\n<!-- \/ Yoast SEO plugin. -->","yoast_head_json":{"title":"5 Cualidades que marcan a una persona profesional | AAU |\u00a0Universidad a Distancia","description":"Las cualidades que marcan a una persona profesional son ese conjunto de caracter\u00edsticas y atributos que lo hacen acreedor de su t\u00edtulo, y por supuesto","robots":{"index":"index","follow":"follow","max-snippet":"max-snippet:-1","max-image-preview":"max-image-preview:large","max-video-preview":"max-video-preview:-1"},"canonical":"https:\/\/www.aauniv.com\/s\/blog\/cualidades-marcan-una-persona-profesional\/","og_locale":"es_ES","og_type":"article","og_title":"5 Cualidades que marcan a una persona profesional | AAU |\u00a0Universidad a Distancia","og_description":"Las cualidades que marcan a una persona profesional son ese conjunto de caracter\u00edsticas y atributos que lo hacen acreedor de su t\u00edtulo, y por supuesto","og_url":"https:\/\/www.aauniv.com\/s\/blog\/cualidades-marcan-una-persona-profesional\/","og_site_name":"AAU |\u00a0Universidad a Distancia","article_published_time":"2024-04-01T10:00:00+00:00","article_modified_time":"2024-04-01T19:40:14+00:00","og_image":[{"width":700,"height":465,"url":"https:\/\/www.aauniv.com\/s\/blog\/wp-content\/uploads\/2022\/07\/cualidades-marcan-persona-profesional.jpg","type":"image\/jpeg"}],"author":"AAU","twitter_card":"summary_large_image","twitter_misc":{"Escrito por":"AAU","Tiempo de lectura":"4 minutos"},"schema":{"@context":"https:\/\/schema.org","@graph":[{"@type":"Article","@id":"https:\/\/www.aauniv.com\/s\/blog\/cualidades-marcan-una-persona-profesional\/#article","isPartOf":{"@id":"https:\/\/www.aauniv.com\/s\/blog\/cualidades-marcan-una-persona-profesional\/"},"author":{"name":"AAU","@id":"https:\/\/www.aauniv.com\/s\/blog\/#\/schema\/person\/525907cfb6c6b93f4cda5c6e97e5a7e0"},"headline":"5 Cualidades que marcan a una persona profesional","datePublished":"2024-04-01T10:00:00+00:00","dateModified":"2024-04-01T19:40:14+00:00","mainEntityOfPage":{"@id":"https:\/\/www.aauniv.com\/s\/blog\/cualidades-marcan-una-persona-profesional\/"},"wordCount":781,"commentCount":0,"publisher":{"@id":"https:\/\/www.aauniv.com\/s\/blog\/#organization"},"image":{"@id":"https:\/\/www.aauniv.com\/s\/blog\/cualidades-marcan-una-persona-profesional\/#primaryimage"},"thumbnailUrl":"https:\/\/www.aauniv.com\/s\/blog\/wp-content\/uploads\/2022\/07\/cualidades-marcan-persona-profesional.jpg","keywords":["cualidades","cualidades personal profesional","cualidades profesionales","persona profesional"],"articleSection":["Novedades"],"inLanguage":"es","potentialAction":[{"@type":"CommentAction","name":"Comment","target":["https:\/\/www.aauniv.com\/s\/blog\/cualidades-marcan-una-persona-profesional\/#respond"]}]},{"@type":"WebPage","@id":"https:\/\/www.aauniv.com\/s\/blog\/cualidades-marcan-una-persona-profesional\/","url":"https:\/\/www.aauniv.com\/s\/blog\/cualidades-marcan-una-persona-profesional\/","name":"5 Cualidades que marcan a una persona profesional | AAU |\u00a0Universidad a Distancia","isPartOf":{"@id":"https:\/\/www.aauniv.com\/s\/blog\/#website"},"primaryImageOfPage":{"@id":"https:\/\/www.aauniv.com\/s\/blog\/cualidades-marcan-una-persona-profesional\/#primaryimage"},"image":{"@id":"https:\/\/www.aauniv.com\/s\/blog\/cualidades-marcan-una-persona-profesional\/#primaryimage"},"thumbnailUrl":"https:\/\/www.aauniv.com\/s\/blog\/wp-content\/uploads\/2022\/07\/cualidades-marcan-persona-profesional.jpg","datePublished":"2024-04-01T10:00:00+00:00","dateModified":"2024-04-01T19:40:14+00:00","description":"Las cualidades que marcan a una persona profesional son ese conjunto de caracter\u00edsticas y atributos que lo hacen acreedor de su t\u00edtulo, y por supuesto","breadcrumb":{"@id":"https:\/\/www.aauniv.com\/s\/blog\/cualidades-marcan-una-persona-profesional\/#breadcrumb"},"inLanguage":"es","potentialAction":[{"@type":"ReadAction","target":["https:\/\/www.aauniv.com\/s\/blog\/cualidades-marcan-una-persona-profesional\/"]}]},{"@type":"ImageObject","inLanguage":"es","@id":"https:\/\/www.aauniv.com\/s\/blog\/cualidades-marcan-una-persona-profesional\/#primaryimage","url":"https:\/\/www.aauniv.com\/s\/blog\/wp-content\/uploads\/2022\/07\/cualidades-marcan-persona-profesional.jpg","contentUrl":"https:\/\/www.aauniv.com\/s\/blog\/wp-content\/uploads\/2022\/07\/cualidades-marcan-persona-profesional.jpg","width":700,"height":465,"caption":"cualidades-marcan-persona-profesional"},{"@type":"BreadcrumbList","@id":"https:\/\/www.aauniv.com\/s\/blog\/cualidades-marcan-una-persona-profesional\/#breadcrumb","itemListElement":[{"@type":"ListItem","position":1,"name":"Portada","item":"https:\/\/www.aauniv.com\/s\/blog\/"},{"@type":"ListItem","position":2,"name":"5 Cualidades que marcan a una persona profesional"}]},{"@type":"WebSite","@id":"https:\/\/www.aauniv.com\/s\/blog\/#website","url":"https:\/\/www.aauniv.com\/s\/blog\/","name":"AAU |\u00a0Universidad a Distancia","description":"","publisher":{"@id":"https:\/\/www.aauniv.com\/s\/blog\/#organization"},"potentialAction":[{"@type":"SearchAction","target":{"@type":"EntryPoint","urlTemplate":"https:\/\/www.aauniv.com\/s\/blog\/?s={search_term_string}"},"query-input":"required name=search_term_string"}],"inLanguage":"es"},{"@type":"Organization","@id":"https:\/\/www.aauniv.com\/s\/blog\/#organization","name":"AAU","url":"https:\/\/www.aauniv.com\/s\/blog\/","logo":{"@type":"ImageObject","inLanguage":"es","@id":"https:\/\/www.aauniv.com\/s\/blog\/#\/schema\/logo\/image\/","url":"https:\/\/www.aauniv.com\/s\/blog\/wp-content\/uploads\/2018\/03\/american-andragogy-university-logo-amp.jpg","contentUrl":"https:\/\/www.aauniv.com\/s\/blog\/wp-content\/uploads\/2018\/03\/american-andragogy-university-logo-amp.jpg","width":190,"height":36,"caption":"AAU"},"image":{"@id":"https:\/\/www.aauniv.com\/s\/blog\/#\/schema\/logo\/image\/"}},{"@type":"Person","@id":"https:\/\/www.aauniv.com\/s\/blog\/#\/schema\/person\/525907cfb6c6b93f4cda5c6e97e5a7e0","name":"AAU","image":{"@type":"ImageObject","inLanguage":"es","@id":"https:\/\/www.aauniv.com\/s\/blog\/#\/schema\/person\/image\/","url":"https:\/\/www.aauniv.com\/s\/blog\/wp-content\/uploads\/2019\/02\/american-university-aau.png","contentUrl":"https:\/\/www.aauniv.com\/s\/blog\/wp-content\/uploads\/2019\/02\/american-university-aau.png","caption":"AAU"},"sameAs":["https:\/\/www.aauniv.com\/s\/"],"url":"https:\/\/www.aauniv.com\/s\/blog\/author\/arnoldgutierrez\/"}]}},"_links":{"self":[{"href":"https:\/\/www.aauniv.com\/s\/blog\/wp-json\/wp\/v2\/posts\/2763"}],"collection":[{"href":"https:\/\/www.aauniv.com\/s\/blog\/wp-json\/wp\/v2\/posts"}],"about":[{"href":"https:\/\/www.aauniv.com\/s\/blog\/wp-json\/wp\/v2\/types\/post"}],"author":[{"embeddable":true,"href":"https:\/\/www.aauniv.com\/s\/blog\/wp-json\/wp\/v2\/users\/2"}],"replies":[{"embeddable":true,"href":"https:\/\/www.aauniv.com\/s\/blog\/wp-json\/wp\/v2\/comments?post=2763"}],"version-history":[{"count":5,"href":"https:\/\/www.aauniv.com\/s\/blog\/wp-json\/wp\/v2\/posts\/2763\/revisions"}],"predecessor-version":[{"id":4345,"href":"https:\/\/www.aauniv.com\/s\/blog\/wp-json\/wp\/v2\/posts\/2763\/revisions\/4345"}],"wp:featuredmedia":[{"embeddable":true,"href":"https:\/\/www.aauniv.com\/s\/blog\/wp-json\/wp\/v2\/media\/2767"}],"wp:attachment":[{"href":"https:\/\/www.aauniv.com\/s\/blog\/wp-json\/wp\/v2\/media?parent=2763"}],"wp:term":[{"taxonomy":"category","embeddable":true,"href":"https:\/\/www.aauniv.com\/s\/blog\/wp-json\/wp\/v2\/categories?post=2763"},{"taxonomy":"post_tag","embeddable":true,"href":"https:\/\/www.aauniv.com\/s\/blog\/wp-json\/wp\/v2\/tags?post=2763"}],"curies":[{"name":"wp","href":"https:\/\/api.w.org\/{rel}","templated":true}]}}